{"id":5272,"date":"2025-05-19T12:48:58","date_gmt":"2025-05-19T12:48:58","guid":{"rendered":"https:\/\/camillaelfving.dk\/?p=5272"},"modified":"2025-05-19T12:48:58","modified_gmt":"2025-05-19T12:48:58","slug":"hvorfor-du-faar-en-lyd-med-hjem-efter-din-behandling-og-hvad-den-goer","status":"publish","type":"post","link":"https:\/\/camillaelfving.dk\/index.php\/2025\/05\/19\/hvorfor-du-faar-en-lyd-med-hjem-efter-din-behandling-og-hvad-den-goer\/","title":{"rendered":"\u201cHvorfor du f\u00e5r en lyd med hjem efter din behandling &#8211; og hvad den g\u00f8r\u201d"},"content":{"rendered":"\n<figure class=\"wp-block-image size-full\"><img loading=\"lazy\" decoding=\"async\" width=\"940\" height=\"788\" src=\"https:\/\/camillaelfving.dk\/wp-content\/uploads\/2025\/05\/Untitled-design-2.png\" alt=\"Kvinde med lukkede \u00f8jne ligger i ro og lytter til lyd med hovedtelefoner. Symboliserer indre proces og lydens rolle i efterbehandling.\" class=\"wp-image-5273\" srcset=\"https:\/\/camillaelfving.dk\/wp-content\/uploads\/2025\/05\/Untitled-design-2.png 940w, https:\/\/camillaelfving.dk\/wp-content\/uploads\/2025\/05\/Untitled-design-2-300x251.png 300w, https:\/\/camillaelfving.dk\/wp-content\/uploads\/2025\/05\/Untitled-design-2-768x644.png 768w, https:\/\/camillaelfving.dk\/wp-content\/uploads\/2025\/05\/Untitled-design-2-850x713.png 850w\" sizes=\"auto, (max-width: 940px) 100vw, 940px\" \/><figcaption class=\"wp-element-caption\"><em>Det er ikke bare musik. Det er lyd, der er testet frem til din krop \u2013 for at forts\u00e6tte det, vi startede p\u00e5 briksen.<\/em><\/figcaption><\/figure>\n\n\n\n<p><br>De fleste behandlinger slutter, n\u00e5r du rejser dig fra briksen.<br>Mine starter for alvor bagefter.<\/p>\n\n\n\n<p>For selvom du f\u00f8ler ro, kan kroppen stadig v\u00e6re i proces.<br>Og det er her, <em>lyden<\/em> tager over.<\/p>\n\n\n\n<div style=\"height:40px\" aria-hidden=\"true\" class=\"wp-block-spacer\"><\/div>\n\n\n\n<p>Under din kinesiologi behandling tester vi kroppen frem til \u00e9n specifik frekvenslyd.<br>Ikke \u00e9n, jeg \u201csynes\u201d passer.<br>En, <em>din krop v\u00e6lger<\/em>.<\/p>\n\n\n\n<p>Den er ikke tilf\u00e6ldig.<br>Den er testet. Matcher din tilstand.<br>Dit nervesystem. Dine ubalancer. Din rytme.<\/p>\n\n\n\n<p>Lyden er ikke \u201cberoligende musik.\u201d<br>Den er en n\u00f8gle.<br>Og kroppen er l\u00e5sen.<\/p>\n\n\n\n<div style=\"height:40px\" aria-hidden=\"true\" class=\"wp-block-spacer\"><\/div>\n\n\n\n<h3 class=\"wp-block-heading\"><strong>Hvorfor?<\/strong><\/h3>\n\n\n\n<p>Fordi balancen ikke kun sker p\u00e5 briksen.<br>Den sker i dagene, n\u00e6tterne, tankerne, og \u00e5ndedr\u00e6ttet bagefter.<\/p>\n\n\n\n<p>Frekvenslyden fungerer som en bro.<br>Mellem det, vi har \u00e5bnet op &#8211; og det, der stadig er i gang med at falde p\u00e5 plads.<\/p>\n\n\n\n<p>Du skal ikke \u201ctro p\u00e5 det.\u201d<br>Du skal bare lytte<\/p>\n\n\n\n<p>Ofte begynder noget at l\u00f8sne sig d\u00e9r &#8211; derhjemme.<br>N\u00e5r du tror, du er alene &#8211; men stadig er i proces.<\/p>\n\n\n\n<div style=\"height:40px\" aria-hidden=\"true\" class=\"wp-block-spacer\"><\/div>\n\n\n\n<h2 class=\"wp-block-heading\"><strong>Klar til at h\u00f8re, hvad din krop har valgt til dig?<\/strong><\/h2>\n\n\n\n<p><a href=\"https:\/\/camillaelfving.dk\/index.php\/say-hi\/\">Send mig en besked <\/a>&#8211; s\u00e5 finder vi en tid, og <em><strong>din lyd<\/strong><\/em>.<\/p>\n\n\n\n<p><\/p>\n","protected":false},"excerpt":{"rendered":"<p>De fleste behandlinger slutter, n\u00e5r du rejser dig fra briksen.Mine starter for alvor bagefter. For selvom du f\u00f8ler ro, kan kroppen stadig v\u00e6re i proces.Og det er her, lyden tager over. Under din kinesiologi behandling tester vi kroppen frem til \u00e9n specifik frekvenslyd.Ikke \u00e9n, jeg \u201csynes\u201d passer.En, din krop v\u00e6lger. Den [&hellip;]<\/p>\n","protected":false},"author":1,"featured_media":0,"comment_status":"open","ping_status":"open","sticky":false,"template":"","format":"standard","meta":{"_monsterinsights_skip_tracking":false,"_monsterinsights_sitenote_active":false,"_monsterinsights_sitenote_note":"","_monsterinsights_sitenote_category":0,"footnotes":""},"categories":[1],"tags":[],"class_list":["post-5272","post","type-post","status-publish","format-standard","hentry","category-uden-kategori"],"yoast_head":"<!-- This site is optimized with the Yoast SEO plugin v27.2 - https:\/\/yoast.com\/product\/yoast-seo-wordpress\/ -->\n<title>\u201cHvorfor du f\u00e5r en lyd med hjem efter din behandling - og hvad den g\u00f8r\u201d - Camilla Elfving - Sundhedsklinik<\/title>\n<meta name=\"robots\" content=\"index, follow, max-snippet:-1, max-image-preview:large, max-video-preview:-1\" \/>\n<link rel=\"canonical\" href=\"https:\/\/camillaelfving.dk\/index.php\/2025\/05\/19\/hvorfor-du-faar-en-lyd-med-hjem-efter-din-behandling-og-hvad-den-goer\/\" \/>\n<meta property=\"og:locale\" content=\"da_DK\" \/>\n<meta property=\"og:type\" content=\"article\" \/>\n<meta property=\"og:title\" content=\"\u201cHvorfor du f\u00e5r en lyd med hjem efter din behandling - og hvad den g\u00f8r\u201d - Camilla Elfving - Sundhedsklinik\" \/>\n<meta property=\"og:description\" content=\"De fleste behandlinger slutter, n\u00e5r du rejser dig fra briksen.Mine starter for alvor bagefter. For selvom du f\u00f8ler ro, kan kroppen stadig v\u00e6re i proces.Og det er her, lyden tager over. Under din kinesiologi behandling tester vi kroppen frem til \u00e9n specifik frekvenslyd.Ikke \u00e9n, jeg \u201csynes\u201d passer.En, din krop v\u00e6lger. Den [&hellip;]\" \/>\n<meta property=\"og:url\" content=\"https:\/\/camillaelfving.dk\/index.php\/2025\/05\/19\/hvorfor-du-faar-en-lyd-med-hjem-efter-din-behandling-og-hvad-den-goer\/\" \/>\n<meta property=\"og:site_name\" content=\"Camilla Elfving - Sundhedsklinik\" \/>\n<meta property=\"article:published_time\" content=\"2025-05-19T12:48:58+00:00\" \/>\n<meta property=\"og:image\" content=\"https:\/\/camillaelfving.dk\/wp-content\/uploads\/2025\/05\/Untitled-design-2.png\" \/>\n<meta name=\"author\" content=\"admin\" \/>\n<meta name=\"twitter:card\" content=\"summary_large_image\" \/>\n<meta name=\"twitter:label1\" content=\"Skrevet af\" \/>\n\t<meta name=\"twitter:data1\" content=\"admin\" \/>\n\t<meta name=\"twitter:label2\" content=\"Estimeret l\u00e6setid\" \/>\n\t<meta name=\"twitter:data2\" content=\"2 minutter\" \/>\n<script type=\"application\/ld+json\" class=\"yoast-schema-graph\">{\"@context\":\"https:\/\/schema.org\",\"@graph\":[{\"@type\":\"Article\",\"@id\":\"https:\/\/camillaelfving.dk\/index.php\/2025\/05\/19\/hvorfor-du-faar-en-lyd-med-hjem-efter-din-behandling-og-hvad-den-goer\/#article\",\"isPartOf\":{\"@id\":\"https:\/\/camillaelfving.dk\/index.php\/2025\/05\/19\/hvorfor-du-faar-en-lyd-med-hjem-efter-din-behandling-og-hvad-den-goer\/\"},\"author\":{\"name\":\"admin\",\"@id\":\"https:\/\/camillaelfving.dk\/#\/schema\/person\/2243db5d7b0f0f21f43841e1738e6dc9\"},\"headline\":\"\u201cHvorfor du f\u00e5r en lyd med hjem efter din behandling &#8211; og hvad den g\u00f8r\u201d\",\"datePublished\":\"2025-05-19T12:48:58+00:00\",\"mainEntityOfPage\":{\"@id\":\"https:\/\/camillaelfving.dk\/index.php\/2025\/05\/19\/hvorfor-du-faar-en-lyd-med-hjem-efter-din-behandling-og-hvad-den-goer\/\"},\"wordCount\":233,\"commentCount\":0,\"publisher\":{\"@id\":\"https:\/\/camillaelfving.dk\/#organization\"},\"image\":{\"@id\":\"https:\/\/camillaelfving.dk\/index.php\/2025\/05\/19\/hvorfor-du-faar-en-lyd-med-hjem-efter-din-behandling-og-hvad-den-goer\/#primaryimage\"},\"thumbnailUrl\":\"https:\/\/camillaelfving.dk\/wp-content\/uploads\/2025\/05\/Untitled-design-2.png\",\"articleSection\":[\"Udenfor kategori\"],\"inLanguage\":\"da-DK\",\"potentialAction\":[{\"@type\":\"CommentAction\",\"name\":\"Comment\",\"target\":[\"https:\/\/camillaelfving.dk\/index.php\/2025\/05\/19\/hvorfor-du-faar-en-lyd-med-hjem-efter-din-behandling-og-hvad-den-goer\/#respond\"]}]},{\"@type\":\"WebPage\",\"@id\":\"https:\/\/camillaelfving.dk\/index.php\/2025\/05\/19\/hvorfor-du-faar-en-lyd-med-hjem-efter-din-behandling-og-hvad-den-goer\/\",\"url\":\"https:\/\/camillaelfving.dk\/index.php\/2025\/05\/19\/hvorfor-du-faar-en-lyd-med-hjem-efter-din-behandling-og-hvad-den-goer\/\",\"name\":\"\u201cHvorfor du f\u00e5r en lyd med hjem efter din behandling - og hvad den g\u00f8r\u201d - Camilla Elfving - Sundhedsklinik\",\"isPartOf\":{\"@id\":\"https:\/\/camillaelfving.dk\/#website\"},\"primaryImageOfPage\":{\"@id\":\"https:\/\/camillaelfving.dk\/index.php\/2025\/05\/19\/hvorfor-du-faar-en-lyd-med-hjem-efter-din-behandling-og-hvad-den-goer\/#primaryimage\"},\"image\":{\"@id\":\"https:\/\/camillaelfving.dk\/index.php\/2025\/05\/19\/hvorfor-du-faar-en-lyd-med-hjem-efter-din-behandling-og-hvad-den-goer\/#primaryimage\"},\"thumbnailUrl\":\"https:\/\/camillaelfving.dk\/wp-content\/uploads\/2025\/05\/Untitled-design-2.png\",\"datePublished\":\"2025-05-19T12:48:58+00:00\",\"breadcrumb\":{\"@id\":\"https:\/\/camillaelfving.dk\/index.php\/2025\/05\/19\/hvorfor-du-faar-en-lyd-med-hjem-efter-din-behandling-og-hvad-den-goer\/#breadcrumb\"},\"inLanguage\":\"da-DK\",\"potentialAction\":[{\"@type\":\"ReadAction\",\"target\":[\"https:\/\/camillaelfving.dk\/index.php\/2025\/05\/19\/hvorfor-du-faar-en-lyd-med-hjem-efter-din-behandling-og-hvad-den-goer\/\"]}]},{\"@type\":\"ImageObject\",\"inLanguage\":\"da-DK\",\"@id\":\"https:\/\/camillaelfving.dk\/index.php\/2025\/05\/19\/hvorfor-du-faar-en-lyd-med-hjem-efter-din-behandling-og-hvad-den-goer\/#primaryimage\",\"url\":\"https:\/\/camillaelfving.dk\/wp-content\/uploads\/2025\/05\/Untitled-design-2.png\",\"contentUrl\":\"https:\/\/camillaelfving.dk\/wp-content\/uploads\/2025\/05\/Untitled-design-2.png\",\"width\":940,\"height\":788,\"caption\":\"Det er ikke bare musik. Det er lyd, der er testet frem til din krop \u2013 for at forts\u00e6tte det, vi startede p\u00e5 briksen.\"},{\"@type\":\"BreadcrumbList\",\"@id\":\"https:\/\/camillaelfving.dk\/index.php\/2025\/05\/19\/hvorfor-du-faar-en-lyd-med-hjem-efter-din-behandling-og-hvad-den-goer\/#breadcrumb\",\"itemListElement\":[{\"@type\":\"ListItem\",\"position\":1,\"name\":\"Hjem\",\"item\":\"https:\/\/camillaelfving.dk\/\"},{\"@type\":\"ListItem\",\"position\":2,\"name\":\"\u201cHvorfor du f\u00e5r en lyd med hjem efter din behandling &#8211; og hvad den g\u00f8r\u201d\"}]},{\"@type\":\"WebSite\",\"@id\":\"https:\/\/camillaelfving.dk\/#website\",\"url\":\"https:\/\/camillaelfving.dk\/\",\"name\":\"Camilla Elfving - Sundhedsklinik\",\"description\":\"\",\"publisher\":{\"@id\":\"https:\/\/camillaelfving.dk\/#organization\"},\"potentialAction\":[{\"@type\":\"SearchAction\",\"target\":{\"@type\":\"EntryPoint\",\"urlTemplate\":\"https:\/\/camillaelfving.dk\/?s={search_term_string}\"},\"query-input\":{\"@type\":\"PropertyValueSpecification\",\"valueRequired\":true,\"valueName\":\"search_term_string\"}}],\"inLanguage\":\"da-DK\"},{\"@type\":\"Organization\",\"@id\":\"https:\/\/camillaelfving.dk\/#organization\",\"name\":\"Camilla Elfving - Sundhedsklinik\",\"url\":\"https:\/\/camillaelfving.dk\/\",\"logo\":{\"@type\":\"ImageObject\",\"inLanguage\":\"da-DK\",\"@id\":\"https:\/\/camillaelfving.dk\/#\/schema\/logo\/image\/\",\"url\":\"https:\/\/camillaelfving.dk\/wp-content\/uploads\/2024\/02\/cropped-Camilla-Elfving-Sundhedsklinik-Header-915-x-400-px-1250-x-378-px-915-x-300-px.png\",\"contentUrl\":\"https:\/\/camillaelfving.dk\/wp-content\/uploads\/2024\/02\/cropped-Camilla-Elfving-Sundhedsklinik-Header-915-x-400-px-1250-x-378-px-915-x-300-px.png\",\"width\":915,\"height\":300,\"caption\":\"Camilla Elfving - Sundhedsklinik\"},\"image\":{\"@id\":\"https:\/\/camillaelfving.dk\/#\/schema\/logo\/image\/\"}},{\"@type\":\"Person\",\"@id\":\"https:\/\/camillaelfving.dk\/#\/schema\/person\/2243db5d7b0f0f21f43841e1738e6dc9\",\"name\":\"admin\",\"image\":{\"@type\":\"ImageObject\",\"inLanguage\":\"da-DK\",\"@id\":\"https:\/\/secure.gravatar.com\/avatar\/83c23b564e4619b25a4af41a6e20519f91eed707b1f22a0d92d64f13a304d9b6?s=96&d=mm&r=g\",\"url\":\"https:\/\/secure.gravatar.com\/avatar\/83c23b564e4619b25a4af41a6e20519f91eed707b1f22a0d92d64f13a304d9b6?s=96&d=mm&r=g\",\"contentUrl\":\"https:\/\/secure.gravatar.com\/avatar\/83c23b564e4619b25a4af41a6e20519f91eed707b1f22a0d92d64f13a304d9b6?s=96&d=mm&r=g\",\"caption\":\"admin\"},\"sameAs\":[\"https:\/\/camillaelfving.dk\"],\"url\":\"https:\/\/camillaelfving.dk\/index.php\/author\/admin_aw7lb459\/\"}]}<\/script>\n<!-- \/ Yoast SEO plugin. -->","yoast_head_json":{"title":"\u201cHvorfor du f\u00e5r en lyd med hjem efter din behandling - og hvad den g\u00f8r\u201d - Camilla Elfving - Sundhedsklinik","robots":{"index":"index","follow":"follow","max-snippet":"max-snippet:-1","max-image-preview":"max-image-preview:large","max-video-preview":"max-video-preview:-1"},"canonical":"https:\/\/camillaelfving.dk\/index.php\/2025\/05\/19\/hvorfor-du-faar-en-lyd-med-hjem-efter-din-behandling-og-hvad-den-goer\/","og_locale":"da_DK","og_type":"article","og_title":"\u201cHvorfor du f\u00e5r en lyd med hjem efter din behandling - og hvad den g\u00f8r\u201d - Camilla Elfving - Sundhedsklinik","og_description":"De fleste behandlinger slutter, n\u00e5r du rejser dig fra briksen.Mine starter for alvor bagefter. For selvom du f\u00f8ler ro, kan kroppen stadig v\u00e6re i proces.Og det er her, lyden tager over. Under din kinesiologi behandling tester vi kroppen frem til \u00e9n specifik frekvenslyd.Ikke \u00e9n, jeg \u201csynes\u201d passer.En, din krop v\u00e6lger. Den [&hellip;]","og_url":"https:\/\/camillaelfving.dk\/index.php\/2025\/05\/19\/hvorfor-du-faar-en-lyd-med-hjem-efter-din-behandling-og-hvad-den-goer\/","og_site_name":"Camilla Elfving - Sundhedsklinik","article_published_time":"2025-05-19T12:48:58+00:00","og_image":[{"url":"https:\/\/camillaelfving.dk\/wp-content\/uploads\/2025\/05\/Untitled-design-2.png","type":"","width":"","height":""}],"author":"admin","twitter_card":"summary_large_image","twitter_misc":{"Skrevet af":"admin","Estimeret l\u00e6setid":"2 minutter"},"schema":{"@context":"https:\/\/schema.org","@graph":[{"@type":"Article","@id":"https:\/\/camillaelfving.dk\/index.php\/2025\/05\/19\/hvorfor-du-faar-en-lyd-med-hjem-efter-din-behandling-og-hvad-den-goer\/#article","isPartOf":{"@id":"https:\/\/camillaelfving.dk\/index.php\/2025\/05\/19\/hvorfor-du-faar-en-lyd-med-hjem-efter-din-behandling-og-hvad-den-goer\/"},"author":{"name":"admin","@id":"https:\/\/camillaelfving.dk\/#\/schema\/person\/2243db5d7b0f0f21f43841e1738e6dc9"},"headline":"\u201cHvorfor du f\u00e5r en lyd med hjem efter din behandling &#8211; og hvad den g\u00f8r\u201d","datePublished":"2025-05-19T12:48:58+00:00","mainEntityOfPage":{"@id":"https:\/\/camillaelfving.dk\/index.php\/2025\/05\/19\/hvorfor-du-faar-en-lyd-med-hjem-efter-din-behandling-og-hvad-den-goer\/"},"wordCount":233,"commentCount":0,"publisher":{"@id":"https:\/\/camillaelfving.dk\/#organization"},"image":{"@id":"https:\/\/camillaelfving.dk\/index.php\/2025\/05\/19\/hvorfor-du-faar-en-lyd-med-hjem-efter-din-behandling-og-hvad-den-goer\/#primaryimage"},"thumbnailUrl":"https:\/\/camillaelfving.dk\/wp-content\/uploads\/2025\/05\/Untitled-design-2.png","articleSection":["Udenfor kategori"],"inLanguage":"da-DK","potentialAction":[{"@type":"CommentAction","name":"Comment","target":["https:\/\/camillaelfving.dk\/index.php\/2025\/05\/19\/hvorfor-du-faar-en-lyd-med-hjem-efter-din-behandling-og-hvad-den-goer\/#respond"]}]},{"@type":"WebPage","@id":"https:\/\/camillaelfving.dk\/index.php\/2025\/05\/19\/hvorfor-du-faar-en-lyd-med-hjem-efter-din-behandling-og-hvad-den-goer\/","url":"https:\/\/camillaelfving.dk\/index.php\/2025\/05\/19\/hvorfor-du-faar-en-lyd-med-hjem-efter-din-behandling-og-hvad-den-goer\/","name":"\u201cHvorfor du f\u00e5r en lyd med hjem efter din behandling - og hvad den g\u00f8r\u201d - Camilla Elfving - Sundhedsklinik","isPartOf":{"@id":"https:\/\/camillaelfving.dk\/#website"},"primaryImageOfPage":{"@id":"https:\/\/camillaelfving.dk\/index.php\/2025\/05\/19\/hvorfor-du-faar-en-lyd-med-hjem-efter-din-behandling-og-hvad-den-goer\/#primaryimage"},"image":{"@id":"https:\/\/camillaelfving.dk\/index.php\/2025\/05\/19\/hvorfor-du-faar-en-lyd-med-hjem-efter-din-behandling-og-hvad-den-goer\/#primaryimage"},"thumbnailUrl":"https:\/\/camillaelfving.dk\/wp-content\/uploads\/2025\/05\/Untitled-design-2.png","datePublished":"2025-05-19T12:48:58+00:00","breadcrumb":{"@id":"https:\/\/camillaelfving.dk\/index.php\/2025\/05\/19\/hvorfor-du-faar-en-lyd-med-hjem-efter-din-behandling-og-hvad-den-goer\/#breadcrumb"},"inLanguage":"da-DK","potentialAction":[{"@type":"ReadAction","target":["https:\/\/camillaelfving.dk\/index.php\/2025\/05\/19\/hvorfor-du-faar-en-lyd-med-hjem-efter-din-behandling-og-hvad-den-goer\/"]}]},{"@type":"ImageObject","inLanguage":"da-DK","@id":"https:\/\/camillaelfving.dk\/index.php\/2025\/05\/19\/hvorfor-du-faar-en-lyd-med-hjem-efter-din-behandling-og-hvad-den-goer\/#primaryimage","url":"https:\/\/camillaelfving.dk\/wp-content\/uploads\/2025\/05\/Untitled-design-2.png","contentUrl":"https:\/\/camillaelfving.dk\/wp-content\/uploads\/2025\/05\/Untitled-design-2.png","width":940,"height":788,"caption":"Det er ikke bare musik. Det er lyd, der er testet frem til din krop \u2013 for at forts\u00e6tte det, vi startede p\u00e5 briksen."},{"@type":"BreadcrumbList","@id":"https:\/\/camillaelfving.dk\/index.php\/2025\/05\/19\/hvorfor-du-faar-en-lyd-med-hjem-efter-din-behandling-og-hvad-den-goer\/#breadcrumb","itemListElement":[{"@type":"ListItem","position":1,"name":"Hjem","item":"https:\/\/camillaelfving.dk\/"},{"@type":"ListItem","position":2,"name":"\u201cHvorfor du f\u00e5r en lyd med hjem efter din behandling &#8211; og hvad den g\u00f8r\u201d"}]},{"@type":"WebSite","@id":"https:\/\/camillaelfving.dk\/#website","url":"https:\/\/camillaelfving.dk\/","name":"Camilla Elfving - Sundhedsklinik","description":"","publisher":{"@id":"https:\/\/camillaelfving.dk\/#organization"},"potentialAction":[{"@type":"SearchAction","target":{"@type":"EntryPoint","urlTemplate":"https:\/\/camillaelfving.dk\/?s={search_term_string}"},"query-input":{"@type":"PropertyValueSpecification","valueRequired":true,"valueName":"search_term_string"}}],"inLanguage":"da-DK"},{"@type":"Organization","@id":"https:\/\/camillaelfving.dk\/#organization","name":"Camilla Elfving - Sundhedsklinik","url":"https:\/\/camillaelfving.dk\/","logo":{"@type":"ImageObject","inLanguage":"da-DK","@id":"https:\/\/camillaelfving.dk\/#\/schema\/logo\/image\/","url":"https:\/\/camillaelfving.dk\/wp-content\/uploads\/2024\/02\/cropped-Camilla-Elfving-Sundhedsklinik-Header-915-x-400-px-1250-x-378-px-915-x-300-px.png","contentUrl":"https:\/\/camillaelfving.dk\/wp-content\/uploads\/2024\/02\/cropped-Camilla-Elfving-Sundhedsklinik-Header-915-x-400-px-1250-x-378-px-915-x-300-px.png","width":915,"height":300,"caption":"Camilla Elfving - Sundhedsklinik"},"image":{"@id":"https:\/\/camillaelfving.dk\/#\/schema\/logo\/image\/"}},{"@type":"Person","@id":"https:\/\/camillaelfving.dk\/#\/schema\/person\/2243db5d7b0f0f21f43841e1738e6dc9","name":"admin","image":{"@type":"ImageObject","inLanguage":"da-DK","@id":"https:\/\/secure.gravatar.com\/avatar\/83c23b564e4619b25a4af41a6e20519f91eed707b1f22a0d92d64f13a304d9b6?s=96&d=mm&r=g","url":"https:\/\/secure.gravatar.com\/avatar\/83c23b564e4619b25a4af41a6e20519f91eed707b1f22a0d92d64f13a304d9b6?s=96&d=mm&r=g","contentUrl":"https:\/\/secure.gravatar.com\/avatar\/83c23b564e4619b25a4af41a6e20519f91eed707b1f22a0d92d64f13a304d9b6?s=96&d=mm&r=g","caption":"admin"},"sameAs":["https:\/\/camillaelfving.dk"],"url":"https:\/\/camillaelfving.dk\/index.php\/author\/admin_aw7lb459\/"}]}},"jetpack_featured_media_url":"","_links":{"self":[{"href":"https:\/\/camillaelfving.dk\/index.php\/wp-json\/wp\/v2\/posts\/5272","targetHints":{"allow":["GET"]}}],"collection":[{"href":"https:\/\/camillaelfving.dk\/index.php\/wp-json\/wp\/v2\/posts"}],"about":[{"href":"https:\/\/camillaelfving.dk\/index.php\/wp-json\/wp\/v2\/types\/post"}],"author":[{"embeddable":true,"href":"https:\/\/camillaelfving.dk\/index.php\/wp-json\/wp\/v2\/users\/1"}],"replies":[{"embeddable":true,"href":"https:\/\/camillaelfving.dk\/index.php\/wp-json\/wp\/v2\/comments?post=5272"}],"version-history":[{"count":2,"href":"https:\/\/camillaelfving.dk\/index.php\/wp-json\/wp\/v2\/posts\/5272\/revisions"}],"predecessor-version":[{"id":5275,"href":"https:\/\/camillaelfving.dk\/index.php\/wp-json\/wp\/v2\/posts\/5272\/revisions\/5275"}],"wp:attachment":[{"href":"https:\/\/camillaelfving.dk\/index.php\/wp-json\/wp\/v2\/media?parent=5272"}],"wp:term":[{"taxonomy":"category","embeddable":true,"href":"https:\/\/camillaelfving.dk\/index.php\/wp-json\/wp\/v2\/categories?post=5272"},{"taxonomy":"post_tag","embeddable":true,"href":"https:\/\/camillaelfving.dk\/index.php\/wp-json\/wp\/v2\/tags?post=5272"}],"curies":[{"name":"wp","href":"https:\/\/api.w.org\/{rel}","templated":true}]}}